{
    "id": 1404,
    "date": "2025-03-19T20:22:55",
    "date_gmt": "2025-03-19T20:22:55",
    "guid": {
        "rendered": "https:\/\/sloveniaguides.si\/?p=1404"
    },
    "modified": "2025-03-19T20:23:29",
    "modified_gmt": "2025-03-19T20:23:29",
    "slug": "ob-gradascici-gor-in-dol",
    "status": "publish",
    "type": "post",
    "link": "https:\/\/sloveniaguides.si\/sl_si\/blog\/2025\/03\/19\/ob-gradascici-gor-in-dol\/",
    "title": {
        "rendered": "OB GRADA\u0160\u010cICI GOR IN DOL"
    },
    "content": {
        "rendered": "<p>Ljubljana kot glavno mesto se \u0161iri- tudi proti jugu, na obrobje Krajinskega parka Ljubljansko<br>barje, ki je zakladnica UNESCO dedi\u0161\u010dine iz obdobja koli\u0161\u010darjev. Mejni potok med<br>Ljubljanskim barjem in mestom je bila Grada\u0161\u010dica, ali kakor so ji neko\u010d rekli Velika<br>Ljubljanica. Trnovo in Krakovo sta dolgo \u010dasa veljali za vasi solataric, ki sta mestno tr\u017enico<br>oskrbovale z zelenjavo. Danes je to obrobje mesta, ki prebivalcem nudi naravi prijazno<br>\u017eivljenje v glavnem mestu. Urejevanje degradiranih obmo\u010dij je del projekta Oglji\u010dno<br>nevtralna Evropska mesta 2030. Ljubljana, skupaj s Kranjem in Velenjem, je eno od 100<br>evropskih mest, ki se je zavezalo, da spremeni \u017eivljenje v mestu. <\/p>\n\n\n\n<figure class=\"wp-block-image size-large\"><img loading=\"lazy\" decoding=\"async\" width=\"1024\" height=\"768\" src=\"https:\/\/sloveniaguides.si\/wp-content\/uploads\/2025\/03\/20250228_1733312-1024x768.jpeg\" alt=\"\" class=\"wp-image-1405\" srcset=\"https:\/\/sloveniaguides.si\/wp-content\/uploads\/2025\/03\/20250228_1733312-1024x768.jpeg 1024w, https:\/\/sloveniaguides.si\/wp-content\/uploads\/2025\/03\/20250228_1733312-300x225.jpeg 300w, https:\/\/sloveniaguides.si\/wp-content\/uploads\/2025\/03\/20250228_1733312-768x576.jpeg 768w, https:\/\/sloveniaguides.si\/wp-content\/uploads\/2025\/03\/20250228_1733312-1536x1152.jpeg 1536w, https:\/\/sloveniaguides.si\/wp-content\/uploads\/2025\/03\/20250228_1733312-2048x1536.jpeg 2048w, https:\/\/sloveniaguides.si\/wp-content\/uploads\/2025\/03\/20250228_1733312-16x12.jpeg 16w, https:\/\/sloveniaguides.si\/wp-content\/uploads\/2025\/03\/20250228_1733312-scaled.jpeg 2560w\" sizes=\"auto, (max-width: 1024px) 100vw, 1024px\" \/><\/figure>\n\n\n\n<p>Ve\u010d tule: <a href=\"https:\/\/www.ljubljana.si\/sl\/aktualno\/ljubljana-je-prejela-naziv-podnebno-nevtralno-in-pametno-mesto\/\" data-type=\"link\" data-id=\"https:\/\/www.ljubljana.si\/sl\/aktualno\/ljubljana-je-prejela-naziv-podnebno-nevtralno-in-pametno-mesto\/\" target=\"_blank\" rel=\"noopener\">Ljubljana podnebno nevtralno in pametno mesto<\/a><\/p>\n\n\n\n<p><br><a href=\"https:\/\/www.youtube.com\/watch?v=om_8psrwPCU\" data-type=\"link\" data-id=\"https:\/\/www.youtube.com\/watch?v=om_8psrwPCU\" target=\"_blank\" rel=\"noopener\">Vabimo Vas<\/a> na izobra\u017eevalni vodeni ogled ob \u00bbGrada\u0161\u010dici gor in dol\u00ab. Na tem nenavadnem<br>vodenem ogledu spoznavate, kako je, ta neko\u010d degradirani del predmestja, danes postal<br>u\u010dilnica okoljskega ozave\u0161\u010danja, spremljate zgodovinske spremembe reke in se soo\u010dite z<br>urbanisti\u010dno vizijo glavnega mesta.<\/p>\n\n\n\n<figure class=\"wp-block-image size-large\"><img loading=\"lazy\" decoding=\"async\" width=\"1024\" height=\"768\" src=\"https:\/\/sloveniaguides.si\/wp-content\/uploads\/2025\/03\/20250228_1722432-1024x768.jpeg\" alt=\"\" class=\"wp-image-1406\" srcset=\"https:\/\/sloveniaguides.si\/wp-content\/uploads\/2025\/03\/20250228_1722432-1024x768.jpeg 1024w, https:\/\/sloveniaguides.si\/wp-content\/uploads\/2025\/03\/20250228_1722432-300x225.jpeg 300w, https:\/\/sloveniaguides.si\/wp-content\/uploads\/2025\/03\/20250228_1722432-768x576.jpeg 768w, https:\/\/sloveniaguides.si\/wp-content\/uploads\/2025\/03\/20250228_1722432-1536x1152.jpeg 1536w, https:\/\/sloveniaguides.si\/wp-content\/uploads\/2025\/03\/20250228_1722432-2048x1536.jpeg 2048w, https:\/\/sloveniaguides.si\/wp-content\/uploads\/2025\/03\/20250228_1722432-16x12.jpeg 16w, https:\/\/sloveniaguides.si\/wp-content\/uploads\/2025\/03\/20250228_1722432-scaled.jpeg 2560w\" sizes=\"auto, (max-width: 1024px) 100vw, 1024px\" \/><\/figure>\n\n\n\n<p><br>Pridru\u017eite se nam <a href=\"https:\/\/sloveniaguides.si\/en\/contact\/\" data-type=\"link\" data-id=\"https:\/\/sloveniaguides.si\/en\/contact\/\">TUKAJ<\/a><br><\/p>\n\n\n\n<p>Tukaj je predlog trase in tem:<\/p>\n\n\n\n<p>Kako poteka trasa ogleda: Sre\u010danje pred Trnovsko cerkvijo Janeza Krstnika, sledi obisk<br>\u010debelnjaka <a href=\"https:\/\/www.cd-ljubljana.si\/\" data-type=\"link\" data-id=\"https:\/\/www.cd-ljubljana.si\/\" target=\"_blank\" rel=\"noopener\">\u010cebelarskega dru\u0161tva Ljubljana<\/a> in spoznavanje z invazivnimi rastlinami ob<br>Barjanski cesti. S sprehodom nadaljujemo med vrtovi na Grada\u0161ki ter nato mimo obre\u017eja, kjer<br>je neko\u010d deloval mlinar Peter in ga je obiskoval celo sam ruski car Aleksander I. Sledi<br>povratek mimo nekdanjega domovanja Frana Sale\u0161kega Fin\u017egarja do parka ob Grada\u0161ki, kjer<br>se seznanimo, kako naj bi izgledala samooskrbna hi\u0161ica 21. stoletja, zakaj so pomembni<br>\u017eu\u017eko- hoteli, mimo Trnovskega mostu na obrobje Grada\u0161\u010dice, kjer se spu\u0161\u010dajo Gregor\u010dki,<br>nato mimo Ple\u010dnikovega Petelinjega mostu in peri\u0161\u010da, ob za\u0161\u010diteni Eipprovi ulici do izliva<br>Grada\u0161\u010dice v Ljubljanico, kjer nas bo pozdravila siva \u010daplja, morda pa bomo ugledali celo<br>vodomca.<\/p>\n\n\n\n<figure class=\"wp-block-image size-large\"><img loading=\"lazy\" decoding=\"async\" width=\"1024\" height=\"768\" src=\"https:\/\/sloveniaguides.si\/wp-content\/uploads\/2025\/03\/20250228_1715162-1024x768.jpeg\" alt=\"\" class=\"wp-image-1408\" srcset=\"https:\/\/sloveniaguides.si\/wp-content\/uploads\/2025\/03\/20250228_1715162-1024x768.jpeg 1024w, https:\/\/sloveniaguides.si\/wp-content\/uploads\/2025\/03\/20250228_1715162-300x225.jpeg 300w, https:\/\/sloveniaguides.si\/wp-content\/uploads\/2025\/03\/20250228_1715162-768x576.jpeg 768w, https:\/\/sloveniaguides.si\/wp-content\/uploads\/2025\/03\/20250228_1715162-1536x1152.jpeg 1536w, https:\/\/sloveniaguides.si\/wp-content\/uploads\/2025\/03\/20250228_1715162-2048x1536.jpeg 2048w, https:\/\/sloveniaguides.si\/wp-content\/uploads\/2025\/03\/20250228_1715162-16x12.jpeg 16w, https:\/\/sloveniaguides.si\/wp-content\/uploads\/2025\/03\/20250228_1715162-scaled.jpeg 2560w\" sizes=\"auto, (max-width: 1024px) 100vw, 1024px\" \/><\/figure>",
        "protected": false
    },
    "excerpt": {
        "rendered": "<p>Ljubljana kot glavno mesto se \u0161iri- tudi proti jugu, na obrobje Krajinskega parka Ljubljanskobarje, ki je zakladnica UNESCO dedi\u0161\u010dine iz obdobja koli\u0161\u010darjev. Mejni potok medLjubljanskim barjem in mestom je bila Grada\u0161\u010dica, ali kakor so ji neko\u010d rekli VelikaLjubljanica. Trnovo in Krakovo sta dolgo \u010dasa veljali za vasi solataric, ki sta mestno tr\u017enicooskrbovale z zelenjavo. Danes [&hellip;]<\/p>",
        "protected": false
    },
    "author": 1,
    "featured_media": 1407,
    "comment_status": "open",
    "ping_status": "open",
    "sticky": false,
    "template": "",
    "format": "standard",
    "meta": {
        "_acf_changed": false,
        "_glsr_average": 0,
        "_glsr_ranking": 0,
        "_glsr_reviews": 0,
        "footnotes": ""
    },
    "categories": [
        35,
        1
    ],
    "tags": [],
    "class_list": [
        "post-1404",
        "post",
        "type-post",
        "status-publish",
        "format-standard",
        "has-post-thumbnail",
        "hentry",
        "category-ogledi",
        "category-uncategorized"
    ],
    "acf": [],
    "_links": {
        "self": [
            {
                "href": "https:\/\/sloveniaguides.si\/sl_si\/wp-json\/wp\/v2\/posts\/1404",
                "targetHints": {
                    "allow": [
                        "GET"
                    ]
                }
            }
        ],
        "collection": [
            {
                "href": "https:\/\/sloveniaguides.si\/sl_si\/wp-json\/wp\/v2\/posts"
            }
        ],
        "about": [
            {
                "href": "https:\/\/sloveniaguides.si\/sl_si\/wp-json\/wp\/v2\/types\/post"
            }
        ],
        "author": [
            {
                "embeddable": true,
                "href": "https:\/\/sloveniaguides.si\/sl_si\/wp-json\/wp\/v2\/users\/1"
            }
        ],
        "replies": [
            {
                "embeddable": true,
                "href": "https:\/\/sloveniaguides.si\/sl_si\/wp-json\/wp\/v2\/comments?post=1404"
            }
        ],
        "version-history": [
            {
                "count": 1,
                "href": "https:\/\/sloveniaguides.si\/sl_si\/wp-json\/wp\/v2\/posts\/1404\/revisions"
            }
        ],
        "predecessor-version": [
            {
                "id": 1409,
                "href": "https:\/\/sloveniaguides.si\/sl_si\/wp-json\/wp\/v2\/posts\/1404\/revisions\/1409"
            }
        ],
        "wp:featuredmedia": [
            {
                "embeddable": true,
                "href": "https:\/\/sloveniaguides.si\/sl_si\/wp-json\/wp\/v2\/media\/1407"
            }
        ],
        "wp:attachment": [
            {
                "href": "https:\/\/sloveniaguides.si\/sl_si\/wp-json\/wp\/v2\/media?parent=1404"
            }
        ],
        "wp:term": [
            {
                "taxonomy": "category",
                "embeddable": true,
                "href": "https:\/\/sloveniaguides.si\/sl_si\/wp-json\/wp\/v2\/categories?post=1404"
            },
            {
                "taxonomy": "post_tag",
                "embeddable": true,
                "href": "https:\/\/sloveniaguides.si\/sl_si\/wp-json\/wp\/v2\/tags?post=1404"
            }
        ],
        "curies": [
            {
                "name": "wp",
                "href": "https:\/\/api.w.org\/{rel}",
                "templated": true
            }
        ]
    }
}