{
    "id": 106,
    "date": "2020-07-31T07:27:40",
    "date_gmt": "2020-07-31T07:27:40",
    "guid": {
        "rendered": "https:\/\/sloveniaguides.si\/2020\/07\/31\/barocna-ljubljana\/"
    },
    "modified": "2023-04-19T20:02:30",
    "modified_gmt": "2023-04-19T20:02:30",
    "slug": "barocna-ljubljana",
    "status": "publish",
    "type": "post",
    "link": "https:\/\/sloveniaguides.si\/sl_si\/blog\/2020\/07\/31\/barocna-ljubljana\/",
    "title": {
        "rendered": "Baro\u010dna Ljubljana"
    },
    "content": {
        "rendered": "<p><span style=\"font-size: 14pt;\"><strong>Ljubljana v \u010dasu baroka:<\/strong><\/span><\/p>\n<p><img loading=\"lazy\" decoding=\"async\" class=\"size-full wp-image-105\" style=\"display: block; margin-left: auto; margin-right: auto;\" src=\"https:\/\/sloveniaguides.si\/wp-content\/uploads\/2020\/07\/slo-bl-6.jpg\" alt=\"slo bl 6\" width=\"600\" height=\"532\" srcset=\"https:\/\/sloveniaguides.si\/wp-content\/uploads\/2020\/07\/slo-bl-6.jpg 1200w, https:\/\/sloveniaguides.si\/wp-content\/uploads\/2020\/07\/slo-bl-6-300x266.jpg 300w, https:\/\/sloveniaguides.si\/wp-content\/uploads\/2020\/07\/slo-bl-6-1024x907.jpg 1024w, https:\/\/sloveniaguides.si\/wp-content\/uploads\/2020\/07\/slo-bl-6-768x680.jpg 768w\" sizes=\"auto, (max-width: 600px) 100vw, 600px\" \/><\/p>\n<p>Pozni srednji vek, za\u010detek novega veka je bilo za na\u0161e glavno mesto te\u017eko obdobje: \u010das nalezljive kuge, tur\u0161kih vpadov, kme\u010dkih uporov, potresov in po\u017earov. Za vsakim de\u017ejem posije sonce. V \u010dasu baroka je na\u0161e mesto zacvetelo.<\/p>\n<p><span style=\"text-decoration: underline;\">\u010cas: 2 uri<\/span><\/p>\n<p><strong>Kdaj:<\/strong><\/p>\n<p>Vsak petek ob 14.00 (prijave do najkasneje \u010detrtka pred tem)<\/p>\n<blockquote><p>Cena <strong>15 EUR<\/strong> na osebo<\/p><\/blockquote>\n<p><strong>Vklju\u010deno<\/strong><\/p>\n<ul style=\"list-style-type: circle;\">\n<li>Strokovni ogled z licenciranim turisti\u010dnim vodnikom<\/li>\n<li>vstopnica v Semeni\u0161ko knji\u017enico<\/li>\n<\/ul>\n<p>Poseben, individualni ogled za posameznike ali skupine - cena odvisna od velikosti skupine<\/p>\n<p><strong>Te\u017eavnost:<\/strong> hoja ca 2 km<\/p>",
        "protected": false
    },
    "excerpt": {
        "rendered": "<p>Ljubljana v \u010dasu baroka: Pozni srednji vek, za\u010detek novega veka je bilo za na\u0161e glavno mesto te\u017eko obdobje: \u010das nalezljive kuge, tur\u0161kih vpadov, kme\u010dkih uporov, potresov in po\u017earov. Za vsakim de\u017ejem posije sonce. V \u010dasu baroka je na\u0161e mesto zacvetelo. \u010cas: 2 uri Kdaj: Vsak petek ob 14.00 (prijave do najkasneje \u010detrtka pred tem) Cena [&hellip;]<\/p>",
        "protected": false
    },
    "author": 1,
    "featured_media": 105,
    "comment_status": "open",
    "ping_status": "open",
    "sticky": false,
    "template": "",
    "format": "standard",
    "meta": {
        "_acf_changed": false,
        "_glsr_average": 0,
        "_glsr_ranking": 0,
        "_glsr_reviews": 0,
        "footnotes": ""
    },
    "categories": [
        9
    ],
    "tags": [],
    "class_list": [
        "post-106",
        "post",
        "type-post",
        "status-publish",
        "format-standard",
        "has-post-thumbnail",
        "hentry",
        "category-arhitektura"
    ],
    "acf": [],
    "_links": {
        "self": [
            {
                "href": "https:\/\/sloveniaguides.si\/sl_si\/wp-json\/wp\/v2\/posts\/106",
                "targetHints": {
                    "allow": [
                        "GET"
                    ]
                }
            }
        ],
        "collection": [
            {
                "href": "https:\/\/sloveniaguides.si\/sl_si\/wp-json\/wp\/v2\/posts"
            }
        ],
        "about": [
            {
                "href": "https:\/\/sloveniaguides.si\/sl_si\/wp-json\/wp\/v2\/types\/post"
            }
        ],
        "author": [
            {
                "embeddable": true,
                "href": "https:\/\/sloveniaguides.si\/sl_si\/wp-json\/wp\/v2\/users\/1"
            }
        ],
        "replies": [
            {
                "embeddable": true,
                "href": "https:\/\/sloveniaguides.si\/sl_si\/wp-json\/wp\/v2\/comments?post=106"
            }
        ],
        "version-history": [
            {
                "count": 2,
                "href": "https:\/\/sloveniaguides.si\/sl_si\/wp-json\/wp\/v2\/posts\/106\/revisions"
            }
        ],
        "predecessor-version": [
            {
                "id": 990,
                "href": "https:\/\/sloveniaguides.si\/sl_si\/wp-json\/wp\/v2\/posts\/106\/revisions\/990"
            }
        ],
        "wp:featuredmedia": [
            {
                "embeddable": true,
                "href": "https:\/\/sloveniaguides.si\/sl_si\/wp-json\/wp\/v2\/media\/105"
            }
        ],
        "wp:attachment": [
            {
                "href": "https:\/\/sloveniaguides.si\/sl_si\/wp-json\/wp\/v2\/media?parent=106"
            }
        ],
        "wp:term": [
            {
                "taxonomy": "category",
                "embeddable": true,
                "href": "https:\/\/sloveniaguides.si\/sl_si\/wp-json\/wp\/v2\/categories?post=106"
            },
            {
                "taxonomy": "post_tag",
                "embeddable": true,
                "href": "https:\/\/sloveniaguides.si\/sl_si\/wp-json\/wp\/v2\/tags?post=106"
            }
        ],
        "curies": [
            {
                "name": "wp",
                "href": "https:\/\/api.w.org\/{rel}",
                "templated": true
            }
        ]
    }
}